{"id":3789,"date":"2018-09-05T21:38:03","date_gmt":"2018-09-05T21:38:03","guid":{"rendered":"https:\/\/www.educanthis.com\/?p=3789"},"modified":"2018-09-05T21:38:03","modified_gmt":"2018-09-05T21:38:03","slug":"ministro-garante-que-flexibilizacao-curricular-esta-a-ser-monitorizada-para-poder-ser-alargada-de-forma-solida","status":"publish","type":"post","link":"https:\/\/www.educanthis.com\/index.php\/2018\/09\/05\/ministro-garante-que-flexibilizacao-curricular-esta-a-ser-monitorizada-para-poder-ser-alargada-de-forma-solida\/","title":{"rendered":"Ministro garante que flexibiliza\u00e7\u00e3o curricular est\u00e1 a ser monitorizada para poder ser alargada de forma s\u00f3lida."},"content":{"rendered":"<p>&#8220;Dia do Perfil do Aluno&#8221; foi organizado pelo Minist\u00e9rio de Educa\u00e7\u00e3o em colabora\u00e7\u00e3o com a Federa\u00e7\u00e3o Nacional de Associa\u00e7\u00f5es de Estudantes dos Ensinos B\u00e1sico e Secund\u00e1rio.<\/p>\n<p>Ver artigo completo <a href=\"https:\/\/www.publico.pt\/2018\/01\/15\/sociedade\/noticia\/flexibilizacao-curricular-esta-a-ser-monitorizada-para-alargar-de-forma-solida-ministro--c-audio-e-video-1799379\" target=\"_blank\" rel=\"noopener\">aqui<\/a>.<\/p>\n<p>&nbsp;<\/p>\n","protected":false},"excerpt":{"rendered":"<p>&#8220;Dia do Perfil do Aluno&#8221; foi organizado pelo Minist\u00e9rio de Educa\u00e7\u00e3o em colabora\u00e7\u00e3o com a Federa\u00e7\u00e3o Nacional de Associa\u00e7\u00f5es de Estudantes dos Ensinos B\u00e1sico e Secund\u00e1rio. Ver artigo completo aqui. &nbsp;<\/p>\n","protected":false},"author":2,"featured_media":0,"comment_status":"closed","ping_status":"open","sticky":false,"template":"","format":"standard","meta":{"_jetpack_memberships_contains_paid_content":false,"footnotes":""},"categories":[2],"tags":[119,306,255,321,190,316,35,320,318,317,136,303,295,319],"class_list":["post-3789","post","type-post","status-publish","format-standard","hentry","category-articles","tag-aprendizagem","tag-cidadania","tag-competencias","tag-competencias-basicas","tag-competencias-escolares","tag-dia-do-perfil-do-aluno","tag-educacao","tag-escola-de-futuro","tag-escolaridade-obrigatoria","tag-flexibilizacao-e-autonomia-curricular","tag-ministerio-da-educacao","tag-perfil-do-aluno","tag-projeto-piloto","tag-valores"],"jetpack_featured_media_url":"","jetpack_sharing_enabled":true,"_links":{"self":[{"href":"https:\/\/www.educanthis.com\/index.php\/wp-json\/wp\/v2\/posts\/3789","targetHints":{"allow":["GET"]}}],"collection":[{"href":"https:\/\/www.educanthis.com\/index.php\/wp-json\/wp\/v2\/posts"}],"about":[{"href":"https:\/\/www.educanthis.com\/index.php\/wp-json\/wp\/v2\/types\/post"}],"author":[{"embeddable":true,"href":"https:\/\/www.educanthis.com\/index.php\/wp-json\/wp\/v2\/users\/2"}],"replies":[{"embeddable":true,"href":"https:\/\/www.educanthis.com\/index.php\/wp-json\/wp\/v2\/comments?post=3789"}],"version-history":[{"count":0,"href":"https:\/\/www.educanthis.com\/index.php\/wp-json\/wp\/v2\/posts\/3789\/revisions"}],"wp:attachment":[{"href":"https:\/\/www.educanthis.com\/index.php\/wp-json\/wp\/v2\/media?parent=3789"}],"wp:term":[{"taxonomy":"category","embeddable":true,"href":"https:\/\/www.educanthis.com\/index.php\/wp-json\/wp\/v2\/categories?post=3789"},{"taxonomy":"post_tag","embeddable":true,"href":"https:\/\/www.educanthis.com\/index.php\/wp-json\/wp\/v2\/tags?post=3789"}],"curies":[{"name":"wp","href":"https:\/\/api.w.org\/{rel}","templated":true}]}}