{"id":3711,"date":"2017-09-28T13:07:38","date_gmt":"2017-09-28T13:07:38","guid":{"rendered":"http:\/\/www.educanthis.com\/?p=3711"},"modified":"2017-09-28T13:12:30","modified_gmt":"2017-09-28T13:12:30","slug":"workshop-educar-com-consciencia","status":"publish","type":"post","link":"https:\/\/www.educanthis.com\/index.php\/2017\/09\/28\/workshop-educar-com-consciencia\/","title":{"rendered":"Workshop &#8220;Educar com Consci\u00eancia&#8221;"},"content":{"rendered":"<p>Workshop &#8220;Educar com consci\u00eancia&#8221;, dia 21 de Outubro das 15h \u00e0s 17h30.<\/p>\n<p>Pre\u00e7o 30\u20ac.<\/p>\n<p><img data-recalc-dims=\"1\" loading=\"lazy\" decoding=\"async\" class=\" wp-image-3719 aligncenter\" src=\"https:\/\/i0.wp.com\/www.educanthis.com\/wp-content\/uploads\/2017\/09\/educar-214x300.jpg?resize=395%2C554\" alt=\"\" width=\"395\" height=\"554\" srcset=\"https:\/\/i0.wp.com\/www.educanthis.com\/wp-content\/uploads\/2017\/09\/educar.jpg?resize=214%2C300&amp;ssl=1 214w, https:\/\/i0.wp.com\/www.educanthis.com\/wp-content\/uploads\/2017\/09\/educar.jpg?resize=732%2C1024&amp;ssl=1 732w, https:\/\/i0.wp.com\/www.educanthis.com\/wp-content\/uploads\/2017\/09\/educar.jpg?w=825&amp;ssl=1 825w\" sizes=\"auto, (max-width: 395px) 100vw, 395px\" \/><\/p>\n<p>Inscreva-se connosco enviando um email para info@educanthis.com ou pelo 927 192 224.<br \/>\nSe necessitar mais informa\u00e7\u00f5es <a href=\"http:\/\/www.educanthis.com\/index.php\/contacts\/\" target=\"_blank\" rel=\"noopener\">contacte-nos<\/a>.<\/p>\n","protected":false},"excerpt":{"rendered":"<p>Workshop &#8220;Educar com consci\u00eancia&#8221;, dia 21 de Outubro das 15h \u00e0s 17h30. Pre\u00e7o 30\u20ac. Inscreva-se connosco enviando um email para info@educanthis.com ou pelo 927 192 224. Se necessitar mais informa\u00e7\u00f5es contacte-nos.<\/p>\n","protected":false},"author":2,"featured_media":0,"comment_status":"open","ping_status":"open","sticky":false,"template":"","format":"standard","meta":{"_jetpack_memberships_contains_paid_content":false,"footnotes":""},"categories":[170,25],"tags":[243,246,242,35,241,249,158,244,245,247,248],"class_list":["post-3711","post","type-post","status-publish","format-standard","hentry","category-cursos-e-workshops","category-novidades","tag-ambiente-emocional","tag-conhecimento","tag-consciencia","tag-educacao","tag-educar","tag-ensinar","tag-inclusao","tag-louise-hay","tag-mundo","tag-padroes-de-conhecimento","tag-sociedade"],"jetpack_featured_media_url":"","jetpack_sharing_enabled":true,"_links":{"self":[{"href":"https:\/\/www.educanthis.com\/index.php\/wp-json\/wp\/v2\/posts\/3711","targetHints":{"allow":["GET"]}}],"collection":[{"href":"https:\/\/www.educanthis.com\/index.php\/wp-json\/wp\/v2\/posts"}],"about":[{"href":"https:\/\/www.educanthis.com\/index.php\/wp-json\/wp\/v2\/types\/post"}],"author":[{"embeddable":true,"href":"https:\/\/www.educanthis.com\/index.php\/wp-json\/wp\/v2\/users\/2"}],"replies":[{"embeddable":true,"href":"https:\/\/www.educanthis.com\/index.php\/wp-json\/wp\/v2\/comments?post=3711"}],"version-history":[{"count":2,"href":"https:\/\/www.educanthis.com\/index.php\/wp-json\/wp\/v2\/posts\/3711\/revisions"}],"predecessor-version":[{"id":3721,"href":"https:\/\/www.educanthis.com\/index.php\/wp-json\/wp\/v2\/posts\/3711\/revisions\/3721"}],"wp:attachment":[{"href":"https:\/\/www.educanthis.com\/index.php\/wp-json\/wp\/v2\/media?parent=3711"}],"wp:term":[{"taxonomy":"category","embeddable":true,"href":"https:\/\/www.educanthis.com\/index.php\/wp-json\/wp\/v2\/categories?post=3711"},{"taxonomy":"post_tag","embeddable":true,"href":"https:\/\/www.educanthis.com\/index.php\/wp-json\/wp\/v2\/tags?post=3711"}],"curies":[{"name":"wp","href":"https:\/\/api.w.org\/{rel}","templated":true}]}}