{"id":3665,"date":"2017-05-25T13:51:14","date_gmt":"2017-05-25T13:51:14","guid":{"rendered":"http:\/\/www.educanthis.com\/?p=3665"},"modified":"2017-05-25T20:19:34","modified_gmt":"2017-05-25T20:19:34","slug":"proposta-de-calendario-escolar-para-2017-2018","status":"publish","type":"post","link":"https:\/\/www.educanthis.com\/index.php\/2017\/05\/25\/proposta-de-calendario-escolar-para-2017-2018\/","title":{"rendered":"Proposta de Calend\u00e1rio Escolar para 2017-2018"},"content":{"rendered":"<p>A novidade \u00e9 que o Pr\u00e9-Escolar vai terminar ao mesmo tempo que o 1\u00ba Ciclo, por\u00e9m, continuam a ser os mais novos a permanecer mais tempo nas escolas. \u00c9 o que chamo o calend\u00e1rio a tempo inteiro\u2026<\/p>\n<p>Aulas come\u00e7am entre 8 a 13 de setembro.<\/p>\n<p>Ver artigo <a href=\"http:\/\/www.comregras.com\/proposta-calendario-escolar-2017-2018\/\" target=\"_blank\" rel=\"noopener noreferrer\">aqui<\/a>.<\/p>\n<p>&nbsp;<\/p>\n","protected":false},"excerpt":{"rendered":"<p>A novidade \u00e9 que o Pr\u00e9-Escolar vai terminar ao mesmo tempo que o 1\u00ba Ciclo, por\u00e9m, continuam a ser os mais novos a permanecer mais tempo nas escolas. \u00c9 o que chamo o calend\u00e1rio a tempo inteiro\u2026 Aulas come\u00e7am entre 8 a 13 de setembro. Ver artigo aqui. &nbsp;<\/p>\n","protected":false},"author":2,"featured_media":0,"comment_status":"open","ping_status":"open","sticky":false,"template":"","format":"standard","meta":{"_jetpack_memberships_contains_paid_content":false,"footnotes":""},"categories":[25],"tags":[234,235,236,35],"class_list":["post-3665","post","type-post","status-publish","format-standard","hentry","category-novidades","tag-ano-letivo","tag-calendario-escolar","tag-calendario-escolar-2017-2018","tag-educacao"],"jetpack_featured_media_url":"","jetpack_sharing_enabled":true,"_links":{"self":[{"href":"https:\/\/www.educanthis.com\/index.php\/wp-json\/wp\/v2\/posts\/3665","targetHints":{"allow":["GET"]}}],"collection":[{"href":"https:\/\/www.educanthis.com\/index.php\/wp-json\/wp\/v2\/posts"}],"about":[{"href":"https:\/\/www.educanthis.com\/index.php\/wp-json\/wp\/v2\/types\/post"}],"author":[{"embeddable":true,"href":"https:\/\/www.educanthis.com\/index.php\/wp-json\/wp\/v2\/users\/2"}],"replies":[{"embeddable":true,"href":"https:\/\/www.educanthis.com\/index.php\/wp-json\/wp\/v2\/comments?post=3665"}],"version-history":[{"count":1,"href":"https:\/\/www.educanthis.com\/index.php\/wp-json\/wp\/v2\/posts\/3665\/revisions"}],"predecessor-version":[{"id":3668,"href":"https:\/\/www.educanthis.com\/index.php\/wp-json\/wp\/v2\/posts\/3665\/revisions\/3668"}],"wp:attachment":[{"href":"https:\/\/www.educanthis.com\/index.php\/wp-json\/wp\/v2\/media?parent=3665"}],"wp:term":[{"taxonomy":"category","embeddable":true,"href":"https:\/\/www.educanthis.com\/index.php\/wp-json\/wp\/v2\/categories?post=3665"},{"taxonomy":"post_tag","embeddable":true,"href":"https:\/\/www.educanthis.com\/index.php\/wp-json\/wp\/v2\/tags?post=3665"}],"curies":[{"name":"wp","href":"https:\/\/api.w.org\/{rel}","templated":true}]}}