{"id":3655,"date":"2017-05-10T22:00:43","date_gmt":"2017-05-10T22:00:43","guid":{"rendered":"http:\/\/www.educanthis.com\/?p=3655"},"modified":"2017-06-22T13:53:00","modified_gmt":"2017-06-22T13:53:00","slug":"workshop-de-defesa-pessoal","status":"publish","type":"post","link":"https:\/\/www.educanthis.com\/index.php\/2017\/05\/10\/workshop-de-defesa-pessoal\/","title":{"rendered":"Workshop de Defesa Pessoal"},"content":{"rendered":"<p>&nbsp;<\/p>\n<p><img data-recalc-dims=\"1\" loading=\"lazy\" decoding=\"async\" class=\"wp-image-3677 aligncenter\" src=\"https:\/\/i0.wp.com\/www.educanthis.com\/wp-content\/uploads\/2017\/05\/defesa-pessoal-300x122.png?resize=416%2C169\" alt=\"\" width=\"416\" height=\"169\" srcset=\"https:\/\/i0.wp.com\/www.educanthis.com\/wp-content\/uploads\/2017\/05\/defesa-pessoal.png?resize=300%2C122&amp;ssl=1 300w, https:\/\/i0.wp.com\/www.educanthis.com\/wp-content\/uploads\/2017\/05\/defesa-pessoal.png?w=430&amp;ssl=1 430w\" sizes=\"auto, (max-width: 416px) 100vw, 416px\" \/><\/p>\n<p>As artes marciais s\u00e3o conhecidas por proporcionarem uma maior coordena\u00e7\u00e3o corporal, mental e espiritual.<\/p>\n<p>O objetivo deste workshop \u00e9 proporcionar aos participantes uma no\u00e7\u00e3o b\u00e1sica de defesa pessoal em situa\u00e7\u00f5es reais (de rua) de forma a adquirirem capacidades e movimentos que possibilitem dissuadir ou evitar poss\u00edveis ataques.<\/p>\n<p>Formador: Ricardo Silva<\/p>\n<p>Treinador Karat\u00e9 Grau II<\/p>\n<p>Treinador Krav Maga Grau I<\/p>\n<p>&nbsp;<\/p>\n<p>Para mais informa\u00e7\u00f5es contacte-nos <a href=\"http:\/\/www.educanthis.com\/index.php\/contacts\/\" target=\"_blank\" rel=\"noopener noreferrer\">aqui<\/a>.<\/p>\n","protected":false},"excerpt":{"rendered":"<p>&nbsp; As artes marciais s\u00e3o conhecidas por proporcionarem uma maior coordena\u00e7\u00e3o corporal, mental e espiritual. O objetivo deste workshop \u00e9 proporcionar aos participantes uma no\u00e7\u00e3o b\u00e1sica de defesa pessoal em situa\u00e7\u00f5es reais (de rua) de forma a adquirirem capacidades e movimentos que possibilitem dissuadir ou evitar poss\u00edveis ataques. Formador: Ricardo Silva Treinador Karat\u00e9 Grau II [&hellip;]<\/p>\n","protected":false},"author":2,"featured_media":0,"comment_status":"open","ping_status":"open","sticky":false,"template":"","format":"standard","meta":{"_jetpack_memberships_contains_paid_content":false,"footnotes":""},"categories":[170,2,25],"tags":[125,232,144,233],"class_list":["post-3655","post","type-post","status-publish","format-standard","hentry","category-cursos-e-workshops","category-articles","category-novidades","tag-artes-marciais","tag-defesa-pessoal","tag-workshop","tag-workshop-defesa-pessoal"],"jetpack_featured_media_url":"","jetpack_sharing_enabled":true,"_links":{"self":[{"href":"https:\/\/www.educanthis.com\/index.php\/wp-json\/wp\/v2\/posts\/3655","targetHints":{"allow":["GET"]}}],"collection":[{"href":"https:\/\/www.educanthis.com\/index.php\/wp-json\/wp\/v2\/posts"}],"about":[{"href":"https:\/\/www.educanthis.com\/index.php\/wp-json\/wp\/v2\/types\/post"}],"author":[{"embeddable":true,"href":"https:\/\/www.educanthis.com\/index.php\/wp-json\/wp\/v2\/users\/2"}],"replies":[{"embeddable":true,"href":"https:\/\/www.educanthis.com\/index.php\/wp-json\/wp\/v2\/comments?post=3655"}],"version-history":[{"count":5,"href":"https:\/\/www.educanthis.com\/index.php\/wp-json\/wp\/v2\/posts\/3655\/revisions"}],"predecessor-version":[{"id":3678,"href":"https:\/\/www.educanthis.com\/index.php\/wp-json\/wp\/v2\/posts\/3655\/revisions\/3678"}],"wp:attachment":[{"href":"https:\/\/www.educanthis.com\/index.php\/wp-json\/wp\/v2\/media?parent=3655"}],"wp:term":[{"taxonomy":"category","embeddable":true,"href":"https:\/\/www.educanthis.com\/index.php\/wp-json\/wp\/v2\/categories?post=3655"},{"taxonomy":"post_tag","embeddable":true,"href":"https:\/\/www.educanthis.com\/index.php\/wp-json\/wp\/v2\/tags?post=3655"}],"curies":[{"name":"wp","href":"https:\/\/api.w.org\/{rel}","templated":true}]}}