{"id":3639,"date":"2017-05-10T21:24:52","date_gmt":"2017-05-10T21:24:52","guid":{"rendered":"http:\/\/www.educanthis.com\/?p=3639"},"modified":"2017-05-10T22:01:35","modified_gmt":"2017-05-10T22:01:35","slug":"ensino-especial-vai-ter-planos-individuais-e-mais-tempo-em-sala","status":"publish","type":"post","link":"https:\/\/www.educanthis.com\/index.php\/2017\/05\/10\/ensino-especial-vai-ter-planos-individuais-e-mais-tempo-em-sala\/","title":{"rendered":"Ensino especial vai ter planos individuais e mais tempo em sala"},"content":{"rendered":"<p>O Minist\u00e9rio da Educa\u00e7\u00e3o vai criar novas regras para o ensino especial que passam, por exemplo, por criar planos espec\u00edficos para estes alunos quando as abordagens tradicionais falham ou obrigar as escolas a inclu\u00ed-los mais tempo nas salas de aula com os restantes colegas.<\/p>\n<p>Ver <a href=\"http:\/\/www.dn.pt\/portugal\/interior\/ensino-especial-vai-ter-planos-individuais-e-mais-tempo-em-sala-5457820.html\" target=\"_blank\" rel=\"noopener noreferrer\">aqui<\/a><\/p>\n","protected":false},"excerpt":{"rendered":"<p>O Minist\u00e9rio da Educa\u00e7\u00e3o vai criar novas regras para o ensino especial que passam, por exemplo, por criar planos espec\u00edficos para estes alunos quando as abordagens tradicionais falham ou obrigar as escolas a inclu\u00ed-los mais tempo nas salas de aula com os restantes colegas. Ver aqui<\/p>\n","protected":false},"author":2,"featured_media":0,"comment_status":"open","ping_status":"open","sticky":false,"template":"","format":"standard","meta":{"_jetpack_memberships_contains_paid_content":false,"footnotes":""},"categories":[2],"tags":[226,227,158,228,230,231,229],"class_list":["post-3639","post","type-post","status-publish","format-standard","hentry","category-articles","tag-ensino-especial","tag-escola-inclusiva","tag-inclusao","tag-integracao","tag-necessidades-educativas-especiais","tag-nee","tag-planos-especificos"],"jetpack_featured_media_url":"","jetpack_sharing_enabled":true,"_links":{"self":[{"href":"https:\/\/www.educanthis.com\/index.php\/wp-json\/wp\/v2\/posts\/3639","targetHints":{"allow":["GET"]}}],"collection":[{"href":"https:\/\/www.educanthis.com\/index.php\/wp-json\/wp\/v2\/posts"}],"about":[{"href":"https:\/\/www.educanthis.com\/index.php\/wp-json\/wp\/v2\/types\/post"}],"author":[{"embeddable":true,"href":"https:\/\/www.educanthis.com\/index.php\/wp-json\/wp\/v2\/users\/2"}],"replies":[{"embeddable":true,"href":"https:\/\/www.educanthis.com\/index.php\/wp-json\/wp\/v2\/comments?post=3639"}],"version-history":[{"count":1,"href":"https:\/\/www.educanthis.com\/index.php\/wp-json\/wp\/v2\/posts\/3639\/revisions"}],"predecessor-version":[{"id":3657,"href":"https:\/\/www.educanthis.com\/index.php\/wp-json\/wp\/v2\/posts\/3639\/revisions\/3657"}],"wp:attachment":[{"href":"https:\/\/www.educanthis.com\/index.php\/wp-json\/wp\/v2\/media?parent=3639"}],"wp:term":[{"taxonomy":"category","embeddable":true,"href":"https:\/\/www.educanthis.com\/index.php\/wp-json\/wp\/v2\/categories?post=3639"},{"taxonomy":"post_tag","embeddable":true,"href":"https:\/\/www.educanthis.com\/index.php\/wp-json\/wp\/v2\/tags?post=3639"}],"curies":[{"name":"wp","href":"https:\/\/api.w.org\/{rel}","templated":true}]}}