{"id":3606,"date":"2017-03-19T21:54:35","date_gmt":"2017-03-19T21:54:35","guid":{"rendered":"http:\/\/www.educanthis.com\/?p=3606"},"modified":"2017-03-19T21:54:35","modified_gmt":"2017-03-19T21:54:35","slug":"participacao-do-centro-helen-keller-no-1st-international-meeting-on-histories-of-nature-and-environments-perspectives-and-dialogues","status":"publish","type":"post","link":"https:\/\/www.educanthis.com\/index.php\/2017\/03\/19\/participacao-do-centro-helen-keller-no-1st-international-meeting-on-histories-of-nature-and-environments-perspectives-and-dialogues\/","title":{"rendered":"Participa\u00e7\u00e3o do Centro Helen Keller no 1st International Meeting on Histories of Nature and Environments: Perspectives and Dialogues"},"content":{"rendered":"<p>Entre os dias 15 e 17 de mar\u00e7o realizou-se a confer\u00eancia internacional &#8220;Histories of Natures and Environments: Perspectives and Dialogues&#8221;, um evento cient\u00edfico interdisciplinar que decorrer\u00e1 na Faculdade de Letras da Universidade de Lisboa.<\/p>\n<p>No \u00e2mbito do Programa Eco-Escolas, o Centro Helen Keller escola foi convidado a participar neste evento atrav\u00e9s da elabora\u00e7\u00e3o dos cart\u00f5es de identifica\u00e7\u00e3o<span class=\"text_exposed_show\"> dos participantes. Estes cart\u00f5es foram realizados pelos nossos alunos com materiais de desperd\u00edcio, eliminando assim a contamina\u00e7\u00e3o do ar, do solo e da \u00e1gua que resultaria da produ\u00e7\u00e3o industrial de novos identificadores. Desta forma, o Centro Helen Keller contribuiu para reduzir o impacto ambiental deste evento.<br \/>\nVer <a href=\"http:\/\/www.centrohelenkeller.pt\/participacao-do-chk-no-encontro-histories-of-nature-and-environments-perspectives-and-dialoguesflul\/\" target=\"_blank\">aqui<\/a>.<\/span><\/p>\n<p>&nbsp;<\/p>\n","protected":false},"excerpt":{"rendered":"<p>Entre os dias 15 e 17 de mar\u00e7o realizou-se a confer\u00eancia internacional &#8220;Histories of Natures and Environments: Perspectives and Dialogues&#8221;, um evento cient\u00edfico interdisciplinar que decorrer\u00e1 na Faculdade de Letras da Universidade de Lisboa. No \u00e2mbito do Programa Eco-Escolas, o Centro Helen Keller escola foi convidado a participar neste evento atrav\u00e9s da elabora\u00e7\u00e3o dos cart\u00f5es [&hellip;]<\/p>\n","protected":false},"author":2,"featured_media":0,"comment_status":"open","ping_status":"open","sticky":false,"template":"","format":"standard","meta":{"_jetpack_memberships_contains_paid_content":false,"footnotes":""},"categories":[2],"tags":[175,178,174,176,177],"class_list":["post-3606","post","type-post","status-publish","format-standard","hentry","category-articles","tag-centro-helen-keller","tag-impacto-ambiental","tag-meeting-on-histories-of-nature-and-environments","tag-programa-eco-escolas","tag-reciclagem"],"jetpack_featured_media_url":"","jetpack_sharing_enabled":true,"_links":{"self":[{"href":"https:\/\/www.educanthis.com\/index.php\/wp-json\/wp\/v2\/posts\/3606","targetHints":{"allow":["GET"]}}],"collection":[{"href":"https:\/\/www.educanthis.com\/index.php\/wp-json\/wp\/v2\/posts"}],"about":[{"href":"https:\/\/www.educanthis.com\/index.php\/wp-json\/wp\/v2\/types\/post"}],"author":[{"embeddable":true,"href":"https:\/\/www.educanthis.com\/index.php\/wp-json\/wp\/v2\/users\/2"}],"replies":[{"embeddable":true,"href":"https:\/\/www.educanthis.com\/index.php\/wp-json\/wp\/v2\/comments?post=3606"}],"version-history":[{"count":0,"href":"https:\/\/www.educanthis.com\/index.php\/wp-json\/wp\/v2\/posts\/3606\/revisions"}],"wp:attachment":[{"href":"https:\/\/www.educanthis.com\/index.php\/wp-json\/wp\/v2\/media?parent=3606"}],"wp:term":[{"taxonomy":"category","embeddable":true,"href":"https:\/\/www.educanthis.com\/index.php\/wp-json\/wp\/v2\/categories?post=3606"},{"taxonomy":"post_tag","embeddable":true,"href":"https:\/\/www.educanthis.com\/index.php\/wp-json\/wp\/v2\/tags?post=3606"}],"curies":[{"name":"wp","href":"https:\/\/api.w.org\/{rel}","templated":true}]}}