{"id":3570,"date":"2017-02-28T14:57:17","date_gmt":"2017-02-28T14:57:17","guid":{"rendered":"http:\/\/www.educanthis.com\/?p=3570"},"modified":"2017-06-22T21:03:07","modified_gmt":"2017-06-22T21:03:07","slug":"curso-autismo-modulo-1","status":"publish","type":"post","link":"https:\/\/www.educanthis.com\/index.php\/2017\/02\/28\/curso-autismo-modulo-1\/","title":{"rendered":"Curso Autismo m\u00f3dulo 1"},"content":{"rendered":"<p>Dentro do projecto In.Co em parceria com o Centro ABCReal Portugal apresentamos um curso de Autismo.<br \/>\nO curso vai ser dividido em dois momentos: parte te\u00f3rica de 12 horas no total (dividida em dois m\u00f3dulos de 6 hora cada e ir\u00e3o ter o valor de 40\u20ac cada) e parte pr\u00e1tica de 10 horas (in job).<br \/>\nQualquer dos m\u00f3dulos poder\u00e1 ser realizado sem ter frequentado nenhum dos outros.<\/p>\n<p><img data-recalc-dims=\"1\" loading=\"lazy\" decoding=\"async\" class=\"alignnone wp-image-3575\" src=\"https:\/\/i0.wp.com\/www.educanthis.com\/wp-content\/uploads\/2017\/02\/curso_autismomod1-211x300.jpg?resize=444%2C631\" alt=\"\" width=\"444\" height=\"631\" srcset=\"https:\/\/i0.wp.com\/www.educanthis.com\/wp-content\/uploads\/2017\/02\/curso_autismomod1.jpg?resize=211%2C300&amp;ssl=1 211w, https:\/\/i0.wp.com\/www.educanthis.com\/wp-content\/uploads\/2017\/02\/curso_autismomod1.jpg?w=370&amp;ssl=1 370w\" sizes=\"auto, (max-width: 444px) 100vw, 444px\" \/><\/p>\n<p>Para mais informa\u00e7\u00f5es contacte-nos <a href=\"http:\/\/www.educanthis.com\/index.php\/contacts\/\" target=\"_blank\" rel=\"noopener noreferrer\">aqui<\/a>.<\/p>\n","protected":false},"excerpt":{"rendered":"<p>Dentro do projecto In.Co em parceria com o Centro ABCReal Portugal apresentamos um curso de Autismo. O curso vai ser dividido em dois momentos: parte te\u00f3rica de 12 horas no total (dividida em dois m\u00f3dulos de 6 hora cada e ir\u00e3o ter o valor de 40\u20ac cada) e parte pr\u00e1tica de 10 horas (in job). [&hellip;]<\/p>\n","protected":false},"author":2,"featured_media":0,"comment_status":"open","ping_status":"open","sticky":false,"template":"","format":"standard","meta":{"_jetpack_memberships_contains_paid_content":false,"footnotes":""},"categories":[2,25,179,23],"tags":[142,110,141,139,140,143],"class_list":["post-3570","post","type-post","status-publish","format-standard","hentry","category-articles","category-novidades","category-parcerias","category-sobre-educanthis","tag-aba","tag-autismo","tag-conceitos-gerais","tag-curso","tag-formacao","tag-metodo-aba"],"jetpack_featured_media_url":"","jetpack_sharing_enabled":true,"_links":{"self":[{"href":"https:\/\/www.educanthis.com\/index.php\/wp-json\/wp\/v2\/posts\/3570","targetHints":{"allow":["GET"]}}],"collection":[{"href":"https:\/\/www.educanthis.com\/index.php\/wp-json\/wp\/v2\/posts"}],"about":[{"href":"https:\/\/www.educanthis.com\/index.php\/wp-json\/wp\/v2\/types\/post"}],"author":[{"embeddable":true,"href":"https:\/\/www.educanthis.com\/index.php\/wp-json\/wp\/v2\/users\/2"}],"replies":[{"embeddable":true,"href":"https:\/\/www.educanthis.com\/index.php\/wp-json\/wp\/v2\/comments?post=3570"}],"version-history":[{"count":6,"href":"https:\/\/www.educanthis.com\/index.php\/wp-json\/wp\/v2\/posts\/3570\/revisions"}],"predecessor-version":[{"id":3697,"href":"https:\/\/www.educanthis.com\/index.php\/wp-json\/wp\/v2\/posts\/3570\/revisions\/3697"}],"wp:attachment":[{"href":"https:\/\/www.educanthis.com\/index.php\/wp-json\/wp\/v2\/media?parent=3570"}],"wp:term":[{"taxonomy":"category","embeddable":true,"href":"https:\/\/www.educanthis.com\/index.php\/wp-json\/wp\/v2\/categories?post=3570"},{"taxonomy":"post_tag","embeddable":true,"href":"https:\/\/www.educanthis.com\/index.php\/wp-json\/wp\/v2\/tags?post=3570"}],"curies":[{"name":"wp","href":"https:\/\/api.w.org\/{rel}","templated":true}]}}