{"id":3567,"date":"2017-02-27T12:58:22","date_gmt":"2017-02-27T12:58:22","guid":{"rendered":"http:\/\/www.educanthis.com\/?p=3567"},"modified":"2017-02-27T12:58:22","modified_gmt":"2017-02-27T12:58:22","slug":"governo-vai-reduzir-numero-de-alunos-por-turma-ja-no-proximo-ano-letivo","status":"publish","type":"post","link":"https:\/\/www.educanthis.com\/index.php\/2017\/02\/27\/governo-vai-reduzir-numero-de-alunos-por-turma-ja-no-proximo-ano-letivo\/","title":{"rendered":"Governo vai reduzir n\u00famero de alunos por turma j\u00e1 no pr\u00f3ximo ano letivo"},"content":{"rendered":"<p class=\"lead\">O assunto est\u00e1 ainda em debate, mas o Minist\u00e9rio da Educa\u00e7\u00e3o pretende reduzir de forma progressiva o n\u00famero de alunos por turma.<\/p>\n<p class=\"lead\">Ver <a href=\"http:\/\/expresso.sapo.pt\/sociedade\/2017-02-22-Governo-vai-reduzir-numero-de-alunos-por-turma-ja-no-proximo-ano-letivo\" target=\"_blank\">aqui<\/a>.<\/p>\n<p class=\"lead\">\n<p>&nbsp;<\/p>\n","protected":false},"excerpt":{"rendered":"<p>O assunto est\u00e1 ainda em debate, mas o Minist\u00e9rio da Educa\u00e7\u00e3o pretende reduzir de forma progressiva o n\u00famero de alunos por turma. Ver aqui. &nbsp;<\/p>\n","protected":false},"author":2,"featured_media":0,"comment_status":"open","ping_status":"open","sticky":false,"template":"","format":"standard","meta":{"_jetpack_memberships_contains_paid_content":false,"footnotes":""},"categories":[2],"tags":[137,135,136,124,138],"class_list":["post-3567","post","type-post","status-publish","format-standard","hentry","category-articles","tag-alunos-por-turma","tag-governo","tag-ministerio-da-educacao","tag-sucesso","tag-sucesso-escolar"],"jetpack_featured_media_url":"","jetpack_sharing_enabled":true,"_links":{"self":[{"href":"https:\/\/www.educanthis.com\/index.php\/wp-json\/wp\/v2\/posts\/3567","targetHints":{"allow":["GET"]}}],"collection":[{"href":"https:\/\/www.educanthis.com\/index.php\/wp-json\/wp\/v2\/posts"}],"about":[{"href":"https:\/\/www.educanthis.com\/index.php\/wp-json\/wp\/v2\/types\/post"}],"author":[{"embeddable":true,"href":"https:\/\/www.educanthis.com\/index.php\/wp-json\/wp\/v2\/users\/2"}],"replies":[{"embeddable":true,"href":"https:\/\/www.educanthis.com\/index.php\/wp-json\/wp\/v2\/comments?post=3567"}],"version-history":[{"count":0,"href":"https:\/\/www.educanthis.com\/index.php\/wp-json\/wp\/v2\/posts\/3567\/revisions"}],"wp:attachment":[{"href":"https:\/\/www.educanthis.com\/index.php\/wp-json\/wp\/v2\/media?parent=3567"}],"wp:term":[{"taxonomy":"category","embeddable":true,"href":"https:\/\/www.educanthis.com\/index.php\/wp-json\/wp\/v2\/categories?post=3567"},{"taxonomy":"post_tag","embeddable":true,"href":"https:\/\/www.educanthis.com\/index.php\/wp-json\/wp\/v2\/tags?post=3567"}],"curies":[{"name":"wp","href":"https:\/\/api.w.org\/{rel}","templated":true}]}}