{"id":3548,"date":"2017-02-16T23:04:35","date_gmt":"2017-02-16T23:04:35","guid":{"rendered":"http:\/\/www.educanthis.com\/?p=3548"},"modified":"2017-03-21T21:38:18","modified_gmt":"2017-03-21T21:38:18","slug":"projecto-in-co","status":"publish","type":"post","link":"https:\/\/www.educanthis.com\/index.php\/2017\/02\/16\/projecto-in-co\/","title":{"rendered":"Projecto In.Co"},"content":{"rendered":"<p>A Educanthis tem, desde hoje, um projecto em parceria com Centro ABCReal Portugal: Projecto In.Co<br \/>\nO Projecto oferece um conjunto de servi\u00e7os especializados de Interven\u00e7\u00e3o Comportamental na \u00e1rea das Perturba\u00e7\u00f5es Globais do Desenvolvimento.<br \/>\nPara mais informa\u00e7\u00f5es contacte-nos pelo 927 192 224 ou nas nossas instala\u00e7\u00f5es (Rua Gon\u00e7alves Zarco n\u00ba6i).<\/p>\n<p>Para conhecer melhor o nosso parceiro pode ver <a href=\"http:\/\/www.centroabcreal.com\/\" target=\"_blank\">aqui<\/a>.<\/p>\n<p><img data-recalc-dims=\"1\" loading=\"lazy\" decoding=\"async\" class=\" wp-image-3551 aligncenter\" src=\"https:\/\/i0.wp.com\/www.educanthis.com\/wp-content\/uploads\/2017\/02\/inco_1-186x300.png?resize=226%2C365\" alt=\"\" width=\"226\" height=\"365\" srcset=\"https:\/\/i0.wp.com\/www.educanthis.com\/wp-content\/uploads\/2017\/02\/inco_1.png?resize=186%2C300&amp;ssl=1 186w, https:\/\/i0.wp.com\/www.educanthis.com\/wp-content\/uploads\/2017\/02\/inco_1.png?w=317&amp;ssl=1 317w\" sizes=\"auto, (max-width: 226px) 100vw, 226px\" \/><\/p>\n","protected":false},"excerpt":{"rendered":"<p>A Educanthis tem, desde hoje, um projecto em parceria com Centro ABCReal Portugal: Projecto In.Co O Projecto oferece um conjunto de servi\u00e7os especializados de Interven\u00e7\u00e3o Comportamental na \u00e1rea das Perturba\u00e7\u00f5es Globais do Desenvolvimento. Para mais informa\u00e7\u00f5es contacte-nos pelo 927 192 224 ou nas nossas instala\u00e7\u00f5es (Rua Gon\u00e7alves Zarco n\u00ba6i). Para conhecer melhor o nosso parceiro [&hellip;]<\/p>\n","protected":false},"author":2,"featured_media":0,"comment_status":"open","ping_status":"open","sticky":false,"template":"","format":"standard","meta":{"_jetpack_memberships_contains_paid_content":false,"footnotes":""},"categories":[25,179,23],"tags":[110,114,111,112,113,108,109,107,115],"class_list":["post-3548","post","type-post","status-publish","format-standard","hentry","category-novidades","category-parcerias","category-sobre-educanthis","tag-autismo","tag-centro-abcreal-portugal","tag-desordens-de-atencao","tag-dificuldades-na-aprendizagem","tag-hiperactividade","tag-intervencao-comportamental","tag-perturbacoes-globais-do-desenvolvimento","tag-projecto-in-co","tag-projectos"],"jetpack_featured_media_url":"","jetpack_sharing_enabled":true,"_links":{"self":[{"href":"https:\/\/www.educanthis.com\/index.php\/wp-json\/wp\/v2\/posts\/3548","targetHints":{"allow":["GET"]}}],"collection":[{"href":"https:\/\/www.educanthis.com\/index.php\/wp-json\/wp\/v2\/posts"}],"about":[{"href":"https:\/\/www.educanthis.com\/index.php\/wp-json\/wp\/v2\/types\/post"}],"author":[{"embeddable":true,"href":"https:\/\/www.educanthis.com\/index.php\/wp-json\/wp\/v2\/users\/2"}],"replies":[{"embeddable":true,"href":"https:\/\/www.educanthis.com\/index.php\/wp-json\/wp\/v2\/comments?post=3548"}],"version-history":[{"count":3,"href":"https:\/\/www.educanthis.com\/index.php\/wp-json\/wp\/v2\/posts\/3548\/revisions"}],"predecessor-version":[{"id":3553,"href":"https:\/\/www.educanthis.com\/index.php\/wp-json\/wp\/v2\/posts\/3548\/revisions\/3553"}],"wp:attachment":[{"href":"https:\/\/www.educanthis.com\/index.php\/wp-json\/wp\/v2\/media?parent=3548"}],"wp:term":[{"taxonomy":"category","embeddable":true,"href":"https:\/\/www.educanthis.com\/index.php\/wp-json\/wp\/v2\/categories?post=3548"},{"taxonomy":"post_tag","embeddable":true,"href":"https:\/\/www.educanthis.com\/index.php\/wp-json\/wp\/v2\/tags?post=3548"}],"curies":[{"name":"wp","href":"https:\/\/api.w.org\/{rel}","templated":true}]}}