{"id":3540,"date":"2017-02-13T09:57:15","date_gmt":"2017-02-13T09:57:15","guid":{"rendered":"http:\/\/www.educanthis.com\/?p=3540"},"modified":"2017-02-13T09:57:53","modified_gmt":"2017-02-13T09:57:53","slug":"olimpiadas-da-lingua-portuguesa-5a-edicao","status":"publish","type":"post","link":"https:\/\/www.educanthis.com\/index.php\/2017\/02\/13\/olimpiadas-da-lingua-portuguesa-5a-edicao\/","title":{"rendered":"Olimp\u00edadas da L\u00edngua Portuguesa &#8211; 5\u00aa Edi\u00e7\u00e3o"},"content":{"rendered":"<p>A Dire\u00e7\u00e3o-Geral da Educa\u00e7\u00e3o (DGE), o Agrupamento de Escolas Aur\u00e9lia de Sousa, o Plano Nacional de Leitura, a Dire\u00e7\u00e3o-Geral da Administra\u00e7\u00e3o Escolar, a Faculdade de Letras da Universidade de Lisboa e a Escola Secund\u00e1ria de Cam\u00f5es promovem a 5.\u00aa edi\u00e7\u00e3o das Olimp\u00edadas da L\u00edngua Portuguesa. Trata-se de uma iniciativa que visa incentivar o bom uso da l\u00edngua portuguesa pelos alunos do 3.\u00ba Ciclo do Ensino B\u00e1sico e do Ensino Secund\u00e1rio, aumentando o seu interesse pelo conhecimento da norma-padr\u00e3o do Portugu\u00eas Europeu e estimulando o esp\u00edrito de rigor e de excel\u00eancia.<\/p>\n<p>Prazo de inscri\u00e7\u00e3o de 1 a 17 de Fevereiro de 2017.<\/p>\n<p>Ver <a href=\"http:\/\/www.dge.mec.pt\/noticias\/portugues\/v-olimpiadas-da-lingua-portuguesa\" target=\"_blank\">aqui<\/a>.<\/p>\n<p>&nbsp;<\/p>\n","protected":false},"excerpt":{"rendered":"<p>A Dire\u00e7\u00e3o-Geral da Educa\u00e7\u00e3o (DGE), o Agrupamento de Escolas Aur\u00e9lia de Sousa, o Plano Nacional de Leitura, a Dire\u00e7\u00e3o-Geral da Administra\u00e7\u00e3o Escolar, a Faculdade de Letras da Universidade de Lisboa e a Escola Secund\u00e1ria de Cam\u00f5es promovem a 5.\u00aa edi\u00e7\u00e3o das Olimp\u00edadas da L\u00edngua Portuguesa. Trata-se de uma iniciativa que visa incentivar o bom uso [&hellip;]<\/p>\n","protected":false},"author":2,"featured_media":0,"comment_status":"open","ping_status":"open","sticky":false,"template":"","format":"standard","meta":{"_jetpack_memberships_contains_paid_content":false,"footnotes":""},"categories":[2],"tags":[97,98,99,96],"class_list":["post-3540","post","type-post","status-publish","format-standard","hentry","category-articles","tag-competicao-nacional","tag-ensino-basico","tag-ensino-secundario","tag-olimpiadas-da-lingua-portuguesa"],"jetpack_featured_media_url":"","jetpack_sharing_enabled":true,"_links":{"self":[{"href":"https:\/\/www.educanthis.com\/index.php\/wp-json\/wp\/v2\/posts\/3540","targetHints":{"allow":["GET"]}}],"collection":[{"href":"https:\/\/www.educanthis.com\/index.php\/wp-json\/wp\/v2\/posts"}],"about":[{"href":"https:\/\/www.educanthis.com\/index.php\/wp-json\/wp\/v2\/types\/post"}],"author":[{"embeddable":true,"href":"https:\/\/www.educanthis.com\/index.php\/wp-json\/wp\/v2\/users\/2"}],"replies":[{"embeddable":true,"href":"https:\/\/www.educanthis.com\/index.php\/wp-json\/wp\/v2\/comments?post=3540"}],"version-history":[{"count":1,"href":"https:\/\/www.educanthis.com\/index.php\/wp-json\/wp\/v2\/posts\/3540\/revisions"}],"predecessor-version":[{"id":3542,"href":"https:\/\/www.educanthis.com\/index.php\/wp-json\/wp\/v2\/posts\/3540\/revisions\/3542"}],"wp:attachment":[{"href":"https:\/\/www.educanthis.com\/index.php\/wp-json\/wp\/v2\/media?parent=3540"}],"wp:term":[{"taxonomy":"category","embeddable":true,"href":"https:\/\/www.educanthis.com\/index.php\/wp-json\/wp\/v2\/categories?post=3540"},{"taxonomy":"post_tag","embeddable":true,"href":"https:\/\/www.educanthis.com\/index.php\/wp-json\/wp\/v2\/tags?post=3540"}],"curies":[{"name":"wp","href":"https:\/\/api.w.org\/{rel}","templated":true}]}}