{"id":3515,"date":"2017-01-31T11:03:43","date_gmt":"2017-01-31T11:03:43","guid":{"rendered":"http:\/\/www.educanthis.com\/?p=3515"},"modified":"2017-01-31T11:07:16","modified_gmt":"2017-01-31T11:07:16","slug":"o-jardim-de-infancia-nao-e-para-aprender-a-ler-nem-escrever-eduardo-sa","status":"publish","type":"post","link":"https:\/\/www.educanthis.com\/index.php\/2017\/01\/31\/o-jardim-de-infancia-nao-e-para-aprender-a-ler-nem-escrever-eduardo-sa\/","title":{"rendered":"&#8220;O Jardim de Inf\u00e2ncia n\u00e3o \u00e9 para aprender a ler nem escrever&#8221; (Eduardo S\u00e1)"},"content":{"rendered":"<p>A ideia foi defendida por Eduardo S\u00e1 no encontro &#8220;Vale a pena ir \u00e0 Pr\u00e9&#8221;, uma iniciativa destinada a debater e esclarecer a import\u00e2ncia do ensino pr\u00e9-escolar na educa\u00e7\u00e3o de uma crian\u00e7a.<\/p>\n<p>Uma leitura interessante que pode fazer <a href=\"http:\/\/www.soescola.com\/2017\/01\/jardim-de-infancia-nao-e-para-aprender-a-ler-nem-a-escrever.html\" target=\"_blank\">aqui<\/a>.<\/p>\n","protected":false},"excerpt":{"rendered":"<p>A ideia foi defendida por Eduardo S\u00e1 no encontro &#8220;Vale a pena ir \u00e0 Pr\u00e9&#8221;, uma iniciativa destinada a debater e esclarecer a import\u00e2ncia do ensino pr\u00e9-escolar na educa\u00e7\u00e3o de uma crian\u00e7a. Uma leitura interessante que pode fazer aqui.<\/p>\n","protected":false},"author":2,"featured_media":0,"comment_status":"open","ping_status":"open","sticky":false,"template":"","format":"standard","meta":{"_jetpack_memberships_contains_paid_content":false,"footnotes":""},"categories":[2],"tags":[79,80,81,78],"class_list":["post-3515","post","type-post","status-publish","format-standard","hentry","category-articles","tag-eduardo-sa","tag-educacao-infantil","tag-jardim-de-infancia","tag-pre-escolar"],"jetpack_featured_media_url":"","jetpack_sharing_enabled":true,"_links":{"self":[{"href":"https:\/\/www.educanthis.com\/index.php\/wp-json\/wp\/v2\/posts\/3515","targetHints":{"allow":["GET"]}}],"collection":[{"href":"https:\/\/www.educanthis.com\/index.php\/wp-json\/wp\/v2\/posts"}],"about":[{"href":"https:\/\/www.educanthis.com\/index.php\/wp-json\/wp\/v2\/types\/post"}],"author":[{"embeddable":true,"href":"https:\/\/www.educanthis.com\/index.php\/wp-json\/wp\/v2\/users\/2"}],"replies":[{"embeddable":true,"href":"https:\/\/www.educanthis.com\/index.php\/wp-json\/wp\/v2\/comments?post=3515"}],"version-history":[{"count":1,"href":"https:\/\/www.educanthis.com\/index.php\/wp-json\/wp\/v2\/posts\/3515\/revisions"}],"predecessor-version":[{"id":3518,"href":"https:\/\/www.educanthis.com\/index.php\/wp-json\/wp\/v2\/posts\/3515\/revisions\/3518"}],"wp:attachment":[{"href":"https:\/\/www.educanthis.com\/index.php\/wp-json\/wp\/v2\/media?parent=3515"}],"wp:term":[{"taxonomy":"category","embeddable":true,"href":"https:\/\/www.educanthis.com\/index.php\/wp-json\/wp\/v2\/categories?post=3515"},{"taxonomy":"post_tag","embeddable":true,"href":"https:\/\/www.educanthis.com\/index.php\/wp-json\/wp\/v2\/tags?post=3515"}],"curies":[{"name":"wp","href":"https:\/\/api.w.org\/{rel}","templated":true}]}}